{"id":2165,"date":"2017-05-26T22:36:38","date_gmt":"2017-05-26T22:36:38","guid":{"rendered":"https:\/\/businessconsulting.com.pl\/w-dniach-10-12-maja-2017-r-w-miedzynarodowym-centrum-kongresowym-w-katowicach-odbyla-sie-9-edycja-europejskiego-kongresu-gospodarczego-eec-najwiekszego-spotkania-biznesowego-w-europie-srodkowej\/"},"modified":"2022-03-09T20:41:05","modified_gmt":"2022-03-09T20:41:05","slug":"del-10-al-12-de-mayo-de-2017-se-celebro-en-el-centro-internacional-de-congresos-de-katowice-la-9a-edicion-del-congreso-economico-europeo-cee-la-mas-grande-reunion-de-negocios-en-europa-ce","status":"publish","type":"post","link":"https:\/\/businessconsulting.com.pl\/es\/del-10-al-12-de-mayo-de-2017-se-celebro-en-el-centro-internacional-de-congresos-de-katowice-la-9a-edicion-del-congreso-economico-europeo-cee-la-mas-grande-reunion-de-negocios-en-europa-ce\/","title":{"rendered":"Del 10 al 12 de mayo de 2017, se celebr\u00f3 en el Centro Internacional de Congresos de Katowice la 9\u00aa edici\u00f3n del Congreso Econ\u00f3mico Europeo (CEE) \u2013 la m\u00e1s grande reuni\u00f3n de negocios en Europa Central."},"content":{"rendered":"<p>Durante el Congreso de tres d\u00edas se discutieron muchas cuestiones, algunas de las cuales fueron las siguientes:<\/p>\n<p>Las transformaciones pol\u00edticas en Europa est\u00e1n avanzando hacia el populismo y el aislamiento.<br \/>\nLa econom\u00eda en Europa despu\u00e9s de Brexit. Repercusiones para el intercambio econ\u00f3mico, el mercado laboral europeo y las finanzas.<br \/>\nEl papel del sector privado en el desarrollo del mercado y la econom\u00eda.<br \/>\n<strong>El trabajo, los trabajadores y la jerarqu\u00eda de valores en la econom\u00eda. Los seres humanos son los m\u00e1s importantes &#8211; de eslogan a gesti\u00f3n.<\/strong><br \/>\nTecnolog\u00edas, digitalizaci\u00f3n e informaci\u00f3n en producci\u00f3n. \u00bfD\u00f3nde estamos? \u00bfQu\u00e9 debemos esperar?<\/p>\n","protected":false},"excerpt":{"rendered":"<p>Durante el Congreso de tres d\u00edas se discutieron muchas cuestiones, algunas de las cuales fueron las siguientes: Las transformaciones pol\u00edticas en Europa est\u00e1n avanzando hacia el populismo y el aislamiento. La econom\u00eda en Europa despu\u00e9s de Brexit. Repercusiones para el intercambio econ\u00f3mico, el mercado laboral europeo y las finanzas. El papel del sector privado en &hellip;<\/p>\n","protected":false},"author":1,"featured_media":1394,"comment_status":"open","ping_status":"open","sticky":false,"template":"","format":"standard","meta":{"footnotes":""},"categories":[3],"tags":[],"class_list":{"0":"post-2165","1":"post","2":"type-post","3":"status-publish","4":"format-standard","5":"has-post-thumbnail","7":"category-noticias","8":"clearfix","9":"article"},"acf":[],"yoast_head":"<!-- This site is optimized with the Yoast SEO plugin v18.4.1 - https:\/\/yoast.com\/wordpress\/plugins\/seo\/ -->\n<title>Del 10 al 12 de mayo de 2017, se celebr\u00f3 en el Centro Internacional de Congresos de Katowice la 9\u00aa edici\u00f3n del Congreso Econ\u00f3mico Europeo (CEE) \u2013 la m\u00e1s grande reuni\u00f3n de negocios en Europa Central. - Business Consulting (search &amp; selection)<\/title>\n<meta name=\"robots\" content=\"index, follow, max-snippet:-1, max-image-preview:large, max-video-preview:-1\" \/>\n<link rel=\"canonical\" href=\"https:\/\/businessconsulting.com.pl\/es\/del-10-al-12-de-mayo-de-2017-se-celebro-en-el-centro-internacional-de-congresos-de-katowice-la-9a-edicion-del-congreso-economico-europeo-cee-la-mas-grande-reunion-de-negocios-en-europa-ce\/\" \/>\n<meta property=\"og:locale\" content=\"es_ES\" \/>\n<meta property=\"og:type\" content=\"article\" \/>\n<meta property=\"og:title\" content=\"Del 10 al 12 de mayo de 2017, se celebr\u00f3 en el Centro Internacional de Congresos de Katowice la 9\u00aa edici\u00f3n del Congreso Econ\u00f3mico Europeo (CEE) \u2013 la m\u00e1s grande reuni\u00f3n de negocios en Europa Central. - Business Consulting (search &amp; selection)\" \/>\n<meta property=\"og:description\" content=\"Durante el Congreso de tres d\u00edas se discutieron muchas cuestiones, algunas de las cuales fueron las siguientes: Las transformaciones pol\u00edticas en Europa est\u00e1n avanzando hacia el populismo y el aislamiento. La econom\u00eda en Europa despu\u00e9s de Brexit. Repercusiones para el intercambio econ\u00f3mico, el mercado laboral europeo y las finanzas. El papel del sector privado en &hellip;\" \/>\n<meta property=\"og:url\" content=\"https:\/\/businessconsulting.com.pl\/es\/del-10-al-12-de-mayo-de-2017-se-celebro-en-el-centro-internacional-de-congresos-de-katowice-la-9a-edicion-del-congreso-economico-europeo-cee-la-mas-grande-reunion-de-negocios-en-europa-ce\/\" \/>\n<meta property=\"og:site_name\" content=\"Business Consulting (search &amp; selection)\" \/>\n<meta property=\"article:published_time\" content=\"2017-05-26T22:36:38+00:00\" \/>\n<meta property=\"article:modified_time\" content=\"2022-03-09T20:41:05+00:00\" \/>\n<meta property=\"og:image\" content=\"https:\/\/iwona.v-1.pl\/wp-content\/uploads\/2017\/05\/bg010.jpg\" \/>\n\t<meta property=\"og:image:width\" content=\"1470\" \/>\n\t<meta property=\"og:image:height\" content=\"980\" \/>\n\t<meta property=\"og:image:type\" content=\"image\/jpeg\" \/>\n<meta name=\"twitter:card\" content=\"summary_large_image\" \/>\n<meta name=\"twitter:label1\" content=\"Escrito por\" \/>\n\t<meta name=\"twitter:data1\" content=\"konrad\" \/>\n\t<meta name=\"twitter:label2\" content=\"Tiempo de lectura\" \/>\n\t<meta name=\"twitter:data2\" content=\"1 minuto\" \/>\n<script type=\"application\/ld+json\" class=\"yoast-schema-graph\">{\"@context\":\"https:\/\/schema.org\",\"@graph\":[{\"@type\":\"WebSite\",\"@id\":\"https:\/\/iwona.v-1.pl\/#website\",\"url\":\"https:\/\/iwona.v-1.pl\/\",\"name\":\"Business Consulting (search &amp; selection)\",\"description\":\"\",\"potentialAction\":[{\"@type\":\"SearchAction\",\"target\":{\"@type\":\"EntryPoint\",\"urlTemplate\":\"https:\/\/iwona.v-1.pl\/?s={search_term_string}\"},\"query-input\":\"required name=search_term_string\"}],\"inLanguage\":\"es\"},{\"@type\":\"ImageObject\",\"@id\":\"https:\/\/businessconsulting.com.pl\/es\/del-10-al-12-de-mayo-de-2017-se-celebro-en-el-centro-internacional-de-congresos-de-katowice-la-9a-edicion-del-congreso-economico-europeo-cee-la-mas-grande-reunion-de-negocios-en-europa-ce\/#primaryimage\",\"inLanguage\":\"es\",\"url\":\"https:\/\/businessconsulting.com.pl\/wp-content\/uploads\/2017\/05\/bg010.jpg\",\"contentUrl\":\"https:\/\/businessconsulting.com.pl\/wp-content\/uploads\/2017\/05\/bg010.jpg\",\"width\":1470,\"height\":980},{\"@type\":\"WebPage\",\"@id\":\"https:\/\/businessconsulting.com.pl\/es\/del-10-al-12-de-mayo-de-2017-se-celebro-en-el-centro-internacional-de-congresos-de-katowice-la-9a-edicion-del-congreso-economico-europeo-cee-la-mas-grande-reunion-de-negocios-en-europa-ce\/#webpage\",\"url\":\"https:\/\/businessconsulting.com.pl\/es\/del-10-al-12-de-mayo-de-2017-se-celebro-en-el-centro-internacional-de-congresos-de-katowice-la-9a-edicion-del-congreso-economico-europeo-cee-la-mas-grande-reunion-de-negocios-en-europa-ce\/\",\"name\":\"Del 10 al 12 de mayo de 2017, se celebr\u00f3 en el Centro Internacional de Congresos de Katowice la 9\u00aa edici\u00f3n del Congreso Econ\u00f3mico Europeo (CEE) \u2013 la m\u00e1s grande reuni\u00f3n de negocios en Europa Central. - Business Consulting (search &amp; selection)\",\"isPartOf\":{\"@id\":\"https:\/\/iwona.v-1.pl\/#website\"},\"primaryImageOfPage\":{\"@id\":\"https:\/\/businessconsulting.com.pl\/es\/del-10-al-12-de-mayo-de-2017-se-celebro-en-el-centro-internacional-de-congresos-de-katowice-la-9a-edicion-del-congreso-economico-europeo-cee-la-mas-grande-reunion-de-negocios-en-europa-ce\/#primaryimage\"},\"datePublished\":\"2017-05-26T22:36:38+00:00\",\"dateModified\":\"2022-03-09T20:41:05+00:00\",\"author\":{\"@id\":\"https:\/\/iwona.v-1.pl\/#\/schema\/person\/3b30caa01836df3da672fbe1cd01f4e4\"},\"breadcrumb\":{\"@id\":\"https:\/\/businessconsulting.com.pl\/es\/del-10-al-12-de-mayo-de-2017-se-celebro-en-el-centro-internacional-de-congresos-de-katowice-la-9a-edicion-del-congreso-economico-europeo-cee-la-mas-grande-reunion-de-negocios-en-europa-ce\/#breadcrumb\"},\"inLanguage\":\"es\",\"potentialAction\":[{\"@type\":\"ReadAction\",\"target\":[\"https:\/\/businessconsulting.com.pl\/es\/del-10-al-12-de-mayo-de-2017-se-celebro-en-el-centro-internacional-de-congresos-de-katowice-la-9a-edicion-del-congreso-economico-europeo-cee-la-mas-grande-reunion-de-negocios-en-europa-ce\/\"]}]},{\"@type\":\"BreadcrumbList\",\"@id\":\"https:\/\/businessconsulting.com.pl\/es\/del-10-al-12-de-mayo-de-2017-se-celebro-en-el-centro-internacional-de-congresos-de-katowice-la-9a-edicion-del-congreso-economico-europeo-cee-la-mas-grande-reunion-de-negocios-en-europa-ce\/#breadcrumb\",\"itemListElement\":[{\"@type\":\"ListItem\",\"position\":1,\"name\":\"Strona g\u0142\u00f3wna\",\"item\":\"https:\/\/businessconsulting.com.pl\/es\/\"},{\"@type\":\"ListItem\",\"position\":2,\"name\":\"Del 10 al 12 de mayo de 2017, se celebr\u00f3 en el Centro Internacional de Congresos de Katowice la 9\u00aa edici\u00f3n del Congreso Econ\u00f3mico Europeo (CEE) \u2013 la m\u00e1s grande reuni\u00f3n de negocios en Europa Central.\"}]},{\"@type\":\"Person\",\"@id\":\"https:\/\/iwona.v-1.pl\/#\/schema\/person\/3b30caa01836df3da672fbe1cd01f4e4\",\"name\":\"konrad\",\"sameAs\":[\"http:\/\/iwona.v-1.pl\"]}]}<\/script>\n<!-- \/ Yoast SEO plugin. -->","yoast_head_json":{"title":"Del 10 al 12 de mayo de 2017, se celebr\u00f3 en el Centro Internacional de Congresos de Katowice la 9\u00aa edici\u00f3n del Congreso Econ\u00f3mico Europeo (CEE) \u2013 la m\u00e1s grande reuni\u00f3n de negocios en Europa Central. - Business Consulting (search &amp; selection)","robots":{"index":"index","follow":"follow","max-snippet":"max-snippet:-1","max-image-preview":"max-image-preview:large","max-video-preview":"max-video-preview:-1"},"canonical":"https:\/\/businessconsulting.com.pl\/es\/del-10-al-12-de-mayo-de-2017-se-celebro-en-el-centro-internacional-de-congresos-de-katowice-la-9a-edicion-del-congreso-economico-europeo-cee-la-mas-grande-reunion-de-negocios-en-europa-ce\/","og_locale":"es_ES","og_type":"article","og_title":"Del 10 al 12 de mayo de 2017, se celebr\u00f3 en el Centro Internacional de Congresos de Katowice la 9\u00aa edici\u00f3n del Congreso Econ\u00f3mico Europeo (CEE) \u2013 la m\u00e1s grande reuni\u00f3n de negocios en Europa Central. - Business Consulting (search &amp; selection)","og_description":"Durante el Congreso de tres d\u00edas se discutieron muchas cuestiones, algunas de las cuales fueron las siguientes: Las transformaciones pol\u00edticas en Europa est\u00e1n avanzando hacia el populismo y el aislamiento. La econom\u00eda en Europa despu\u00e9s de Brexit. Repercusiones para el intercambio econ\u00f3mico, el mercado laboral europeo y las finanzas. El papel del sector privado en &hellip;","og_url":"https:\/\/businessconsulting.com.pl\/es\/del-10-al-12-de-mayo-de-2017-se-celebro-en-el-centro-internacional-de-congresos-de-katowice-la-9a-edicion-del-congreso-economico-europeo-cee-la-mas-grande-reunion-de-negocios-en-europa-ce\/","og_site_name":"Business Consulting (search &amp; selection)","article_published_time":"2017-05-26T22:36:38+00:00","article_modified_time":"2022-03-09T20:41:05+00:00","og_image":[{"width":1470,"height":980,"url":"https:\/\/iwona.v-1.pl\/wp-content\/uploads\/2017\/05\/bg010.jpg","type":"image\/jpeg"}],"twitter_card":"summary_large_image","twitter_misc":{"Escrito por":"konrad","Tiempo de lectura":"1 minuto"},"schema":{"@context":"https:\/\/schema.org","@graph":[{"@type":"WebSite","@id":"https:\/\/iwona.v-1.pl\/#website","url":"https:\/\/iwona.v-1.pl\/","name":"Business Consulting (search &amp; selection)","description":"","potentialAction":[{"@type":"SearchAction","target":{"@type":"EntryPoint","urlTemplate":"https:\/\/iwona.v-1.pl\/?s={search_term_string}"},"query-input":"required name=search_term_string"}],"inLanguage":"es"},{"@type":"ImageObject","@id":"https:\/\/businessconsulting.com.pl\/es\/del-10-al-12-de-mayo-de-2017-se-celebro-en-el-centro-internacional-de-congresos-de-katowice-la-9a-edicion-del-congreso-economico-europeo-cee-la-mas-grande-reunion-de-negocios-en-europa-ce\/#primaryimage","inLanguage":"es","url":"https:\/\/businessconsulting.com.pl\/wp-content\/uploads\/2017\/05\/bg010.jpg","contentUrl":"https:\/\/businessconsulting.com.pl\/wp-content\/uploads\/2017\/05\/bg010.jpg","width":1470,"height":980},{"@type":"WebPage","@id":"https:\/\/businessconsulting.com.pl\/es\/del-10-al-12-de-mayo-de-2017-se-celebro-en-el-centro-internacional-de-congresos-de-katowice-la-9a-edicion-del-congreso-economico-europeo-cee-la-mas-grande-reunion-de-negocios-en-europa-ce\/#webpage","url":"https:\/\/businessconsulting.com.pl\/es\/del-10-al-12-de-mayo-de-2017-se-celebro-en-el-centro-internacional-de-congresos-de-katowice-la-9a-edicion-del-congreso-economico-europeo-cee-la-mas-grande-reunion-de-negocios-en-europa-ce\/","name":"Del 10 al 12 de mayo de 2017, se celebr\u00f3 en el Centro Internacional de Congresos de Katowice la 9\u00aa edici\u00f3n del Congreso Econ\u00f3mico Europeo (CEE) \u2013 la m\u00e1s grande reuni\u00f3n de negocios en Europa Central. - Business Consulting (search &amp; selection)","isPartOf":{"@id":"https:\/\/iwona.v-1.pl\/#website"},"primaryImageOfPage":{"@id":"https:\/\/businessconsulting.com.pl\/es\/del-10-al-12-de-mayo-de-2017-se-celebro-en-el-centro-internacional-de-congresos-de-katowice-la-9a-edicion-del-congreso-economico-europeo-cee-la-mas-grande-reunion-de-negocios-en-europa-ce\/#primaryimage"},"datePublished":"2017-05-26T22:36:38+00:00","dateModified":"2022-03-09T20:41:05+00:00","author":{"@id":"https:\/\/iwona.v-1.pl\/#\/schema\/person\/3b30caa01836df3da672fbe1cd01f4e4"},"breadcrumb":{"@id":"https:\/\/businessconsulting.com.pl\/es\/del-10-al-12-de-mayo-de-2017-se-celebro-en-el-centro-internacional-de-congresos-de-katowice-la-9a-edicion-del-congreso-economico-europeo-cee-la-mas-grande-reunion-de-negocios-en-europa-ce\/#breadcrumb"},"inLanguage":"es","potentialAction":[{"@type":"ReadAction","target":["https:\/\/businessconsulting.com.pl\/es\/del-10-al-12-de-mayo-de-2017-se-celebro-en-el-centro-internacional-de-congresos-de-katowice-la-9a-edicion-del-congreso-economico-europeo-cee-la-mas-grande-reunion-de-negocios-en-europa-ce\/"]}]},{"@type":"BreadcrumbList","@id":"https:\/\/businessconsulting.com.pl\/es\/del-10-al-12-de-mayo-de-2017-se-celebro-en-el-centro-internacional-de-congresos-de-katowice-la-9a-edicion-del-congreso-economico-europeo-cee-la-mas-grande-reunion-de-negocios-en-europa-ce\/#breadcrumb","itemListElement":[{"@type":"ListItem","position":1,"name":"Strona g\u0142\u00f3wna","item":"https:\/\/businessconsulting.com.pl\/es\/"},{"@type":"ListItem","position":2,"name":"Del 10 al 12 de mayo de 2017, se celebr\u00f3 en el Centro Internacional de Congresos de Katowice la 9\u00aa edici\u00f3n del Congreso Econ\u00f3mico Europeo (CEE) \u2013 la m\u00e1s grande reuni\u00f3n de negocios en Europa Central."}]},{"@type":"Person","@id":"https:\/\/iwona.v-1.pl\/#\/schema\/person\/3b30caa01836df3da672fbe1cd01f4e4","name":"konrad","sameAs":["http:\/\/iwona.v-1.pl"]}]}},"_links":{"self":[{"href":"https:\/\/businessconsulting.com.pl\/es\/wp-json\/wp\/v2\/posts\/2165","targetHints":{"allow":["GET"]}}],"collection":[{"href":"https:\/\/businessconsulting.com.pl\/es\/wp-json\/wp\/v2\/posts"}],"about":[{"href":"https:\/\/businessconsulting.com.pl\/es\/wp-json\/wp\/v2\/types\/post"}],"author":[{"embeddable":true,"href":"https:\/\/businessconsulting.com.pl\/es\/wp-json\/wp\/v2\/users\/1"}],"replies":[{"embeddable":true,"href":"https:\/\/businessconsulting.com.pl\/es\/wp-json\/wp\/v2\/comments?post=2165"}],"version-history":[{"count":1,"href":"https:\/\/businessconsulting.com.pl\/es\/wp-json\/wp\/v2\/posts\/2165\/revisions"}],"predecessor-version":[{"id":2214,"href":"https:\/\/businessconsulting.com.pl\/es\/wp-json\/wp\/v2\/posts\/2165\/revisions\/2214"}],"wp:featuredmedia":[{"embeddable":true,"href":"https:\/\/businessconsulting.com.pl\/es\/wp-json\/wp\/v2\/media\/1394"}],"wp:attachment":[{"href":"https:\/\/businessconsulting.com.pl\/es\/wp-json\/wp\/v2\/media?parent=2165"}],"wp:term":[{"taxonomy":"category","embeddable":true,"href":"https:\/\/businessconsulting.com.pl\/es\/wp-json\/wp\/v2\/categories?post=2165"},{"taxonomy":"post_tag","embeddable":true,"href":"https:\/\/businessconsulting.com.pl\/es\/wp-json\/wp\/v2\/tags?post=2165"}],"curies":[{"name":"wp","href":"https:\/\/api.w.org\/{rel}","templated":true}]}}