{"id":2157,"date":"2018-08-27T22:38:13","date_gmt":"2018-08-27T22:38:13","guid":{"rendered":"https:\/\/businessconsulting.com.pl\/kostaryka-kolejny-czlonek-cornerstone\/"},"modified":"2022-03-09T20:43:52","modified_gmt":"2022-03-09T20:43:52","slug":"costa-rica-nuevo-miembro-de-cornerstone","status":"publish","type":"post","link":"https:\/\/businessconsulting.com.pl\/es\/costa-rica-nuevo-miembro-de-cornerstone\/","title":{"rendered":"Costa Rica \u2013 nuevo miembro de Cornerstone"},"content":{"rendered":"<p>Despu\u00e9s de Filipinas, tambi\u00e9n Costa Rica se incorpor\u00f3 a CIG. Si miramos nuestro mapa euroc\u00e9ntrico, est\u00e1n en los lados opuestos. Sin embargo, si miramos la cultura de los dos pa\u00edses, esta s\u00ed que tiene algunos puntos en com\u00fan, por ejemplo en los contactos profesionales no se subraya mucho la jerarqu\u00eda y las decisiones se toman\u00a0 de com\u00fan acuerdo. En este aspecto Costa Rica se diferencia de los pa\u00edses vecinos. Ya perdemos la cuenta contando los nuevos miembros de Cornerstone. Nos alegramos que nuestra comunidad est\u00e1 creciendo. Cada uno de los nuevos miembros introduce sus especificas locales, al mismo tiempo representando similares valores en los negocios.<\/p>\n","protected":false},"excerpt":{"rendered":"<p>Despu\u00e9s de Filipinas, tambi\u00e9n Costa Rica se incorpor\u00f3 a CIG. Si miramos nuestro mapa euroc\u00e9ntrico, est\u00e1n en los lados opuestos. Sin embargo, si miramos la cultura de los dos pa\u00edses, esta s\u00ed que tiene algunos puntos en com\u00fan, por ejemplo en los contactos profesionales no se subraya mucho la jerarqu\u00eda y las decisiones se toman\u00a0 &hellip;<\/p>\n","protected":false},"author":1,"featured_media":1382,"comment_status":"open","ping_status":"open","sticky":false,"template":"","format":"standard","meta":{"footnotes":""},"categories":[3],"tags":[],"class_list":{"0":"post-2157","1":"post","2":"type-post","3":"status-publish","4":"format-standard","5":"has-post-thumbnail","7":"category-noticias","8":"clearfix","9":"article"},"acf":[],"yoast_head":"<!-- This site is optimized with the Yoast SEO plugin v18.4.1 - https:\/\/yoast.com\/wordpress\/plugins\/seo\/ -->\n<title>Costa Rica \u2013 nuevo miembro de Cornerstone - Business Consulting (search &amp; selection)<\/title>\n<meta name=\"robots\" content=\"index, follow, max-snippet:-1, max-image-preview:large, max-video-preview:-1\" \/>\n<link rel=\"canonical\" href=\"https:\/\/businessconsulting.com.pl\/es\/costa-rica-nuevo-miembro-de-cornerstone\/\" \/>\n<meta property=\"og:locale\" content=\"es_ES\" \/>\n<meta property=\"og:type\" content=\"article\" \/>\n<meta property=\"og:title\" content=\"Costa Rica \u2013 nuevo miembro de Cornerstone - Business Consulting (search &amp; selection)\" \/>\n<meta property=\"og:description\" content=\"Despu\u00e9s de Filipinas, tambi\u00e9n Costa Rica se incorpor\u00f3 a CIG. Si miramos nuestro mapa euroc\u00e9ntrico, est\u00e1n en los lados opuestos. Sin embargo, si miramos la cultura de los dos pa\u00edses, esta s\u00ed que tiene algunos puntos en com\u00fan, por ejemplo en los contactos profesionales no se subraya mucho la jerarqu\u00eda y las decisiones se toman\u00a0 &hellip;\" \/>\n<meta property=\"og:url\" content=\"https:\/\/businessconsulting.com.pl\/es\/costa-rica-nuevo-miembro-de-cornerstone\/\" \/>\n<meta property=\"og:site_name\" content=\"Business Consulting (search &amp; selection)\" \/>\n<meta property=\"article:published_time\" content=\"2018-08-27T22:38:13+00:00\" \/>\n<meta property=\"article:modified_time\" content=\"2022-03-09T20:43:52+00:00\" \/>\n<meta property=\"og:image\" content=\"https:\/\/iwona.v-1.pl\/wp-content\/uploads\/2018\/09\/bg006.jpg\" \/>\n\t<meta property=\"og:image:width\" content=\"1470\" \/>\n\t<meta property=\"og:image:height\" content=\"980\" \/>\n\t<meta property=\"og:image:type\" content=\"image\/jpeg\" \/>\n<meta name=\"twitter:card\" content=\"summary_large_image\" \/>\n<meta name=\"twitter:label1\" content=\"Escrito por\" \/>\n\t<meta name=\"twitter:data1\" content=\"konrad\" \/>\n\t<meta name=\"twitter:label2\" content=\"Tiempo de lectura\" \/>\n\t<meta name=\"twitter:data2\" content=\"1 minuto\" \/>\n<script type=\"application\/ld+json\" class=\"yoast-schema-graph\">{\"@context\":\"https:\/\/schema.org\",\"@graph\":[{\"@type\":\"WebSite\",\"@id\":\"https:\/\/iwona.v-1.pl\/#website\",\"url\":\"https:\/\/iwona.v-1.pl\/\",\"name\":\"Business Consulting (search &amp; selection)\",\"description\":\"\",\"potentialAction\":[{\"@type\":\"SearchAction\",\"target\":{\"@type\":\"EntryPoint\",\"urlTemplate\":\"https:\/\/iwona.v-1.pl\/?s={search_term_string}\"},\"query-input\":\"required name=search_term_string\"}],\"inLanguage\":\"es\"},{\"@type\":\"ImageObject\",\"@id\":\"https:\/\/businessconsulting.com.pl\/es\/costa-rica-nuevo-miembro-de-cornerstone\/#primaryimage\",\"inLanguage\":\"es\",\"url\":\"https:\/\/businessconsulting.com.pl\/wp-content\/uploads\/2018\/09\/bg006.jpg\",\"contentUrl\":\"https:\/\/businessconsulting.com.pl\/wp-content\/uploads\/2018\/09\/bg006.jpg\",\"width\":1470,\"height\":980},{\"@type\":\"WebPage\",\"@id\":\"https:\/\/businessconsulting.com.pl\/es\/costa-rica-nuevo-miembro-de-cornerstone\/#webpage\",\"url\":\"https:\/\/businessconsulting.com.pl\/es\/costa-rica-nuevo-miembro-de-cornerstone\/\",\"name\":\"Costa Rica \u2013 nuevo miembro de Cornerstone - Business Consulting (search &amp; selection)\",\"isPartOf\":{\"@id\":\"https:\/\/iwona.v-1.pl\/#website\"},\"primaryImageOfPage\":{\"@id\":\"https:\/\/businessconsulting.com.pl\/es\/costa-rica-nuevo-miembro-de-cornerstone\/#primaryimage\"},\"datePublished\":\"2018-08-27T22:38:13+00:00\",\"dateModified\":\"2022-03-09T20:43:52+00:00\",\"author\":{\"@id\":\"https:\/\/iwona.v-1.pl\/#\/schema\/person\/3b30caa01836df3da672fbe1cd01f4e4\"},\"breadcrumb\":{\"@id\":\"https:\/\/businessconsulting.com.pl\/es\/costa-rica-nuevo-miembro-de-cornerstone\/#breadcrumb\"},\"inLanguage\":\"es\",\"potentialAction\":[{\"@type\":\"ReadAction\",\"target\":[\"https:\/\/businessconsulting.com.pl\/es\/costa-rica-nuevo-miembro-de-cornerstone\/\"]}]},{\"@type\":\"BreadcrumbList\",\"@id\":\"https:\/\/businessconsulting.com.pl\/es\/costa-rica-nuevo-miembro-de-cornerstone\/#breadcrumb\",\"itemListElement\":[{\"@type\":\"ListItem\",\"position\":1,\"name\":\"Strona g\u0142\u00f3wna\",\"item\":\"https:\/\/businessconsulting.com.pl\/es\/\"},{\"@type\":\"ListItem\",\"position\":2,\"name\":\"Costa Rica \u2013 nuevo miembro de Cornerstone\"}]},{\"@type\":\"Person\",\"@id\":\"https:\/\/iwona.v-1.pl\/#\/schema\/person\/3b30caa01836df3da672fbe1cd01f4e4\",\"name\":\"konrad\",\"sameAs\":[\"http:\/\/iwona.v-1.pl\"]}]}<\/script>\n<!-- \/ Yoast SEO plugin. -->","yoast_head_json":{"title":"Costa Rica \u2013 nuevo miembro de Cornerstone - Business Consulting (search &amp; selection)","robots":{"index":"index","follow":"follow","max-snippet":"max-snippet:-1","max-image-preview":"max-image-preview:large","max-video-preview":"max-video-preview:-1"},"canonical":"https:\/\/businessconsulting.com.pl\/es\/costa-rica-nuevo-miembro-de-cornerstone\/","og_locale":"es_ES","og_type":"article","og_title":"Costa Rica \u2013 nuevo miembro de Cornerstone - Business Consulting (search &amp; selection)","og_description":"Despu\u00e9s de Filipinas, tambi\u00e9n Costa Rica se incorpor\u00f3 a CIG. Si miramos nuestro mapa euroc\u00e9ntrico, est\u00e1n en los lados opuestos. Sin embargo, si miramos la cultura de los dos pa\u00edses, esta s\u00ed que tiene algunos puntos en com\u00fan, por ejemplo en los contactos profesionales no se subraya mucho la jerarqu\u00eda y las decisiones se toman\u00a0 &hellip;","og_url":"https:\/\/businessconsulting.com.pl\/es\/costa-rica-nuevo-miembro-de-cornerstone\/","og_site_name":"Business Consulting (search &amp; selection)","article_published_time":"2018-08-27T22:38:13+00:00","article_modified_time":"2022-03-09T20:43:52+00:00","og_image":[{"width":1470,"height":980,"url":"https:\/\/iwona.v-1.pl\/wp-content\/uploads\/2018\/09\/bg006.jpg","type":"image\/jpeg"}],"twitter_card":"summary_large_image","twitter_misc":{"Escrito por":"konrad","Tiempo de lectura":"1 minuto"},"schema":{"@context":"https:\/\/schema.org","@graph":[{"@type":"WebSite","@id":"https:\/\/iwona.v-1.pl\/#website","url":"https:\/\/iwona.v-1.pl\/","name":"Business Consulting (search &amp; selection)","description":"","potentialAction":[{"@type":"SearchAction","target":{"@type":"EntryPoint","urlTemplate":"https:\/\/iwona.v-1.pl\/?s={search_term_string}"},"query-input":"required name=search_term_string"}],"inLanguage":"es"},{"@type":"ImageObject","@id":"https:\/\/businessconsulting.com.pl\/es\/costa-rica-nuevo-miembro-de-cornerstone\/#primaryimage","inLanguage":"es","url":"https:\/\/businessconsulting.com.pl\/wp-content\/uploads\/2018\/09\/bg006.jpg","contentUrl":"https:\/\/businessconsulting.com.pl\/wp-content\/uploads\/2018\/09\/bg006.jpg","width":1470,"height":980},{"@type":"WebPage","@id":"https:\/\/businessconsulting.com.pl\/es\/costa-rica-nuevo-miembro-de-cornerstone\/#webpage","url":"https:\/\/businessconsulting.com.pl\/es\/costa-rica-nuevo-miembro-de-cornerstone\/","name":"Costa Rica \u2013 nuevo miembro de Cornerstone - Business Consulting (search &amp; selection)","isPartOf":{"@id":"https:\/\/iwona.v-1.pl\/#website"},"primaryImageOfPage":{"@id":"https:\/\/businessconsulting.com.pl\/es\/costa-rica-nuevo-miembro-de-cornerstone\/#primaryimage"},"datePublished":"2018-08-27T22:38:13+00:00","dateModified":"2022-03-09T20:43:52+00:00","author":{"@id":"https:\/\/iwona.v-1.pl\/#\/schema\/person\/3b30caa01836df3da672fbe1cd01f4e4"},"breadcrumb":{"@id":"https:\/\/businessconsulting.com.pl\/es\/costa-rica-nuevo-miembro-de-cornerstone\/#breadcrumb"},"inLanguage":"es","potentialAction":[{"@type":"ReadAction","target":["https:\/\/businessconsulting.com.pl\/es\/costa-rica-nuevo-miembro-de-cornerstone\/"]}]},{"@type":"BreadcrumbList","@id":"https:\/\/businessconsulting.com.pl\/es\/costa-rica-nuevo-miembro-de-cornerstone\/#breadcrumb","itemListElement":[{"@type":"ListItem","position":1,"name":"Strona g\u0142\u00f3wna","item":"https:\/\/businessconsulting.com.pl\/es\/"},{"@type":"ListItem","position":2,"name":"Costa Rica \u2013 nuevo miembro de Cornerstone"}]},{"@type":"Person","@id":"https:\/\/iwona.v-1.pl\/#\/schema\/person\/3b30caa01836df3da672fbe1cd01f4e4","name":"konrad","sameAs":["http:\/\/iwona.v-1.pl"]}]}},"_links":{"self":[{"href":"https:\/\/businessconsulting.com.pl\/es\/wp-json\/wp\/v2\/posts\/2157","targetHints":{"allow":["GET"]}}],"collection":[{"href":"https:\/\/businessconsulting.com.pl\/es\/wp-json\/wp\/v2\/posts"}],"about":[{"href":"https:\/\/businessconsulting.com.pl\/es\/wp-json\/wp\/v2\/types\/post"}],"author":[{"embeddable":true,"href":"https:\/\/businessconsulting.com.pl\/es\/wp-json\/wp\/v2\/users\/1"}],"replies":[{"embeddable":true,"href":"https:\/\/businessconsulting.com.pl\/es\/wp-json\/wp\/v2\/comments?post=2157"}],"version-history":[{"count":1,"href":"https:\/\/businessconsulting.com.pl\/es\/wp-json\/wp\/v2\/posts\/2157\/revisions"}],"predecessor-version":[{"id":2219,"href":"https:\/\/businessconsulting.com.pl\/es\/wp-json\/wp\/v2\/posts\/2157\/revisions\/2219"}],"wp:featuredmedia":[{"embeddable":true,"href":"https:\/\/businessconsulting.com.pl\/es\/wp-json\/wp\/v2\/media\/1382"}],"wp:attachment":[{"href":"https:\/\/businessconsulting.com.pl\/es\/wp-json\/wp\/v2\/media?parent=2157"}],"wp:term":[{"taxonomy":"category","embeddable":true,"href":"https:\/\/businessconsulting.com.pl\/es\/wp-json\/wp\/v2\/categories?post=2157"},{"taxonomy":"post_tag","embeddable":true,"href":"https:\/\/businessconsulting.com.pl\/es\/wp-json\/wp\/v2\/tags?post=2157"}],"curies":[{"name":"wp","href":"https:\/\/api.w.org\/{rel}","templated":true}]}}